{"id":343,"date":"2025-09-17T07:58:41","date_gmt":"2025-09-17T07:58:41","guid":{"rendered":"https:\/\/www.arocchi.com\/test-mfcasa\/?p=343"},"modified":"2026-05-30T21:50:05","modified_gmt":"2026-05-30T21:50:05","slug":"non-hai-ancora-trovato-la-casa-dei-tuoi-sogni","status":"publish","type":"post","link":"https:\/\/www.mfcasa.it\/immobiliare\/2025\/09\/17\/non-hai-ancora-trovato-la-casa-dei-tuoi-sogni\/","title":{"rendered":"Non hai ancora trovato la casa dei tuoi sogni?"},"content":{"rendered":"\n<p class=\"wp-block-paragraph\">Ogni casa ha il suo futuro proprietario, e vogliamo aiutarti a trovare la tua! Raccontaci cosa stai cercando: puoi telefonarci, scriverci o inviarci un messaggio su WhatsApp. Il nostro team ti ascolter\u00e0 con attenzione, capir\u00e0 le tue esigenze e ti guider\u00e0 verso le migliori opportunit\u00e0 disponibili. Con noi avrai sempre qualcuno al tuo fianco pronto a trasformare la tua ricerca in realt\u00e0.<\/p>\n","protected":false},"excerpt":{"rendered":"<p>Ogni casa ha il suo futuro proprietario, e vogliamo aiutarti a trovare la tua! Raccontaci cosa stai cercando: puoi telefonarci, scriverci o inviarci un messaggio su WhatsApp. Il nostro team ti ascolter\u00e0 con attenzione, capir\u00e0 le tue esigenze e ti guider\u00e0 verso le migliori opportunit\u00e0 disponibili. Con noi avrai sempre qualcuno al tuo fianco pronto<span class=\"moretag\"><a class=\"button small\" href=\"https:\/\/www.mfcasa.it\/immobiliare\/2025\/09\/17\/non-hai-ancora-trovato-la-casa-dei-tuoi-sogni\/\">Read more<\/a><\/span><\/p>\n","protected":false},"author":2,"featured_media":0,"comment_status":"closed","ping_status":"open","sticky":false,"template":"","format":"standard","meta":{"footnotes":""},"categories":[1],"tags":[],"class_list":["post-343","post","type-post","status-publish","format-standard","hentry","category-uncategorized"],"_links":{"self":[{"href":"https:\/\/www.mfcasa.it\/immobiliare\/wp-json\/wp\/v2\/posts\/343","targetHints":{"allow":["GET"]}}],"collection":[{"href":"https:\/\/www.mfcasa.it\/immobiliare\/wp-json\/wp\/v2\/posts"}],"about":[{"href":"https:\/\/www.mfcasa.it\/immobiliare\/wp-json\/wp\/v2\/types\/post"}],"author":[{"embeddable":true,"href":"https:\/\/www.mfcasa.it\/immobiliare\/wp-json\/wp\/v2\/users\/2"}],"replies":[{"embeddable":true,"href":"https:\/\/www.mfcasa.it\/immobiliare\/wp-json\/wp\/v2\/comments?post=343"}],"version-history":[{"count":1,"href":"https:\/\/www.mfcasa.it\/immobiliare\/wp-json\/wp\/v2\/posts\/343\/revisions"}],"predecessor-version":[{"id":344,"href":"https:\/\/www.mfcasa.it\/immobiliare\/wp-json\/wp\/v2\/posts\/343\/revisions\/344"}],"wp:attachment":[{"href":"https:\/\/www.mfcasa.it\/immobiliare\/wp-json\/wp\/v2\/media?parent=343"}],"wp:term":[{"taxonomy":"category","embeddable":true,"href":"https:\/\/www.mfcasa.it\/immobiliare\/wp-json\/wp\/v2\/categories?post=343"},{"taxonomy":"post_tag","embeddable":true,"href":"https:\/\/www.mfcasa.it\/immobiliare\/wp-json\/wp\/v2\/tags?post=343"}],"curies":[{"name":"wp","href":"https:\/\/api.w.org\/{rel}","templated":true}]}}